{"id":787,"date":"2018-11-12T21:56:47","date_gmt":"2018-11-12T20:56:47","guid":{"rendered":"https:\/\/csvd.ch\/?p=787"},"modified":"2018-11-12T21:58:01","modified_gmt":"2018-11-12T20:58:01","slug":"bestandsaufnahme-zur-istanbul-konvention-september-2018","status":"publish","type":"post","link":"https:\/\/csvd.ch\/de\/bestandsaufnahme-zur-istanbul-konvention-september-2018\/","title":{"rendered":"Bestandsaufnahme zur Istanbul-Konvention, September 2018"},"content":{"rendered":"<p>Im Sommer 2018 erarbeitetete die SKHG eine Bestandsaufnahme zur Istanbul-Konvention und definierte sieben priorit\u00e4re Themenberiche f\u00fcr die esrte Umsetzungsphase. Dieses Gundlagenpapier, das im Herbst 2018 von den Vorst\u00e4nden der KKJPD und SODK genehmigt wurde, wird am 13. November 2018 zusammen mit den Grundlagendokumenten des Bundes ver\u00f6ffentlicht.<\/p>\n<p><a href=\"https:\/\/csvd.ch\/app\/uploads\/2018\/11\/181023_Bestandsaufnahme_Istanbul_d_def.pdf\">Laden Sie das Dokument <\/a><\/p>\n","protected":false},"excerpt":{"rendered":"<p>Im Sommer 2018 erarbeitetete die SKHG eine Bestandsaufnahme zur Istanbul-Konvention und definierte sieben priorit\u00e4re Themenberiche f\u00fcr die esrte Umsetzungsphase. Dieses Gundlagenpapier, das im Herbst 2018 von den Vorst\u00e4nden der KKJPD und SODK genehmigt wurde, wird am 13. November 2018 zusammen mit den Grundlagendokumenten des Bundes ver\u00f6ffentlicht. Laden Sie das Dokument<\/p>\n","protected":false},"author":2,"featured_media":1200,"comment_status":"closed","ping_status":"closed","sticky":false,"template":"","format":"standard","meta":{"_acf_changed":false,"footnotes":""},"categories":[16],"tags":[],"class_list":["post-787","post","type-post","status-publish","format-standard","has-post-thumbnail","hentry","category-publikationen"],"acf":[],"yoast_head":"<!-- This site is optimized with the Yoast SEO plugin v27.2 - https:\/\/yoast.com\/product\/yoast-seo-wordpress\/ -->\n<title>Bestandsaufnahme zur Istanbul-Konvention, September 2018 - CSVD<\/title>\n<meta name=\"robots\" content=\"index, follow, max-snippet:-1, max-image-preview:large, max-video-preview:-1\" \/>\n<link rel=\"canonical\" href=\"https:\/\/csvd.ch\/de\/bestandsaufnahme-zur-istanbul-konvention-september-2018\/\" \/>\n<meta property=\"og:locale\" content=\"de_DE\" \/>\n<meta property=\"og:type\" content=\"article\" \/>\n<meta property=\"og:title\" content=\"Bestandsaufnahme zur Istanbul-Konvention, September 2018 - CSVD\" \/>\n<meta property=\"og:description\" content=\"Im Sommer 2018 erarbeitetete die SKHG eine Bestandsaufnahme zur Istanbul-Konvention und definierte sieben priorit\u00e4re Themenberiche f\u00fcr die esrte Umsetzungsphase. Dieses Gundlagenpapier, das im Herbst 2018 von den Vorst\u00e4nden der KKJPD und SODK genehmigt wurde, wird am 13. November 2018 zusammen mit den Grundlagendokumenten des Bundes ver\u00f6ffentlicht. Laden Sie das Dokument\" \/>\n<meta property=\"og:url\" content=\"https:\/\/csvd.ch\/de\/bestandsaufnahme-zur-istanbul-konvention-september-2018\/\" \/>\n<meta property=\"og:site_name\" content=\"CSVD\" \/>\n<meta property=\"article:published_time\" content=\"2018-11-12T20:56:47+00:00\" \/>\n<meta property=\"article:modified_time\" content=\"2018-11-12T20:58:01+00:00\" \/>\n<meta property=\"og:image\" content=\"https:\/\/csvd.ch\/app\/uploads\/2022\/12\/thumbnail-article-csvd.jpg\" \/>\n\t<meta property=\"og:image:width\" content=\"800\" \/>\n\t<meta property=\"og:image:height\" content=\"600\" \/>\n\t<meta property=\"og:image:type\" content=\"image\/jpeg\" \/>\n<meta name=\"author\" content=\"WmDevg15\" \/>\n<meta name=\"twitter:card\" content=\"summary_large_image\" \/>\n<meta name=\"twitter:label1\" content=\"Written by\" \/>\n\t<meta name=\"twitter:data1\" content=\"WmDevg15\" \/>\n<script type=\"application\/ld+json\" class=\"yoast-schema-graph\">{\"@context\":\"https:\/\/schema.org\",\"@graph\":[{\"@type\":\"Article\",\"@id\":\"https:\/\/csvd.ch\/de\/bestandsaufnahme-zur-istanbul-konvention-september-2018\/#article\",\"isPartOf\":{\"@id\":\"https:\/\/csvd.ch\/de\/bestandsaufnahme-zur-istanbul-konvention-september-2018\/\"},\"author\":{\"name\":\"WmDevg15\",\"@id\":\"https:\/\/csvd.ch\/#\/schema\/person\/9c9de59ac95960cf9f8dac2e904a38f1\"},\"headline\":\"Bestandsaufnahme zur Istanbul-Konvention, September 2018\",\"datePublished\":\"2018-11-12T20:56:47+00:00\",\"dateModified\":\"2018-11-12T20:58:01+00:00\",\"mainEntityOfPage\":{\"@id\":\"https:\/\/csvd.ch\/de\/bestandsaufnahme-zur-istanbul-konvention-september-2018\/\"},\"wordCount\":54,\"image\":{\"@id\":\"https:\/\/csvd.ch\/de\/bestandsaufnahme-zur-istanbul-konvention-september-2018\/#primaryimage\"},\"thumbnailUrl\":\"https:\/\/csvd.ch\/app\/uploads\/2022\/12\/thumbnail-article-csvd.jpg\",\"articleSection\":[\"Publikationen\"],\"inLanguage\":\"de-DE\"},{\"@type\":\"WebPage\",\"@id\":\"https:\/\/csvd.ch\/de\/bestandsaufnahme-zur-istanbul-konvention-september-2018\/\",\"url\":\"https:\/\/csvd.ch\/de\/bestandsaufnahme-zur-istanbul-konvention-september-2018\/\",\"name\":\"Bestandsaufnahme zur Istanbul-Konvention, September 2018 - CSVD\",\"isPartOf\":{\"@id\":\"https:\/\/csvd.ch\/#website\"},\"primaryImageOfPage\":{\"@id\":\"https:\/\/csvd.ch\/de\/bestandsaufnahme-zur-istanbul-konvention-september-2018\/#primaryimage\"},\"image\":{\"@id\":\"https:\/\/csvd.ch\/de\/bestandsaufnahme-zur-istanbul-konvention-september-2018\/#primaryimage\"},\"thumbnailUrl\":\"https:\/\/csvd.ch\/app\/uploads\/2022\/12\/thumbnail-article-csvd.jpg\",\"datePublished\":\"2018-11-12T20:56:47+00:00\",\"dateModified\":\"2018-11-12T20:58:01+00:00\",\"author\":{\"@id\":\"https:\/\/csvd.ch\/#\/schema\/person\/9c9de59ac95960cf9f8dac2e904a38f1\"},\"breadcrumb\":{\"@id\":\"https:\/\/csvd.ch\/de\/bestandsaufnahme-zur-istanbul-konvention-september-2018\/#breadcrumb\"},\"inLanguage\":\"de-DE\",\"potentialAction\":[{\"@type\":\"ReadAction\",\"target\":[\"https:\/\/csvd.ch\/de\/bestandsaufnahme-zur-istanbul-konvention-september-2018\/\"]}]},{\"@type\":\"ImageObject\",\"inLanguage\":\"de-DE\",\"@id\":\"https:\/\/csvd.ch\/de\/bestandsaufnahme-zur-istanbul-konvention-september-2018\/#primaryimage\",\"url\":\"https:\/\/csvd.ch\/app\/uploads\/2022\/12\/thumbnail-article-csvd.jpg\",\"contentUrl\":\"https:\/\/csvd.ch\/app\/uploads\/2022\/12\/thumbnail-article-csvd.jpg\",\"width\":800,\"height\":600},{\"@type\":\"BreadcrumbList\",\"@id\":\"https:\/\/csvd.ch\/de\/bestandsaufnahme-zur-istanbul-konvention-september-2018\/#breadcrumb\",\"itemListElement\":[{\"@type\":\"ListItem\",\"position\":1,\"name\":\"Home\",\"item\":\"https:\/\/csvd.ch\/de\/\"},{\"@type\":\"ListItem\",\"position\":2,\"name\":\"Bestandsaufnahme zur Istanbul-Konvention, September 2018\"}]},{\"@type\":\"WebSite\",\"@id\":\"https:\/\/csvd.ch\/#website\",\"url\":\"https:\/\/csvd.ch\/\",\"name\":\"CSVD\",\"description\":\"CSVD\",\"potentialAction\":[{\"@type\":\"SearchAction\",\"target\":{\"@type\":\"EntryPoint\",\"urlTemplate\":\"https:\/\/csvd.ch\/?s={search_term_string}\"},\"query-input\":{\"@type\":\"PropertyValueSpecification\",\"valueRequired\":true,\"valueName\":\"search_term_string\"}}],\"inLanguage\":\"de-DE\"},{\"@type\":\"Person\",\"@id\":\"https:\/\/csvd.ch\/#\/schema\/person\/9c9de59ac95960cf9f8dac2e904a38f1\",\"name\":\"WmDevg15\",\"image\":{\"@type\":\"ImageObject\",\"inLanguage\":\"de-DE\",\"@id\":\"https:\/\/secure.gravatar.com\/avatar\/b7d3ea2f96f5ab935b88ad75dfd414faa4c799c8ea7e7b2c13a979bc127f022c?s=96&d=mm&r=g\",\"url\":\"https:\/\/secure.gravatar.com\/avatar\/b7d3ea2f96f5ab935b88ad75dfd414faa4c799c8ea7e7b2c13a979bc127f022c?s=96&d=mm&r=g\",\"contentUrl\":\"https:\/\/secure.gravatar.com\/avatar\/b7d3ea2f96f5ab935b88ad75dfd414faa4c799c8ea7e7b2c13a979bc127f022c?s=96&d=mm&r=g\",\"caption\":\"WmDevg15\"},\"url\":\"https:\/\/csvd.ch\/de\/author\/wmdevg15\/\"}]}<\/script>\n<!-- \/ Yoast SEO plugin. -->","yoast_head_json":{"title":"Bestandsaufnahme zur Istanbul-Konvention, September 2018 - CSVD","robots":{"index":"index","follow":"follow","max-snippet":"max-snippet:-1","max-image-preview":"max-image-preview:large","max-video-preview":"max-video-preview:-1"},"canonical":"https:\/\/csvd.ch\/de\/bestandsaufnahme-zur-istanbul-konvention-september-2018\/","og_locale":"de_DE","og_type":"article","og_title":"Bestandsaufnahme zur Istanbul-Konvention, September 2018 - CSVD","og_description":"Im Sommer 2018 erarbeitetete die SKHG eine Bestandsaufnahme zur Istanbul-Konvention und definierte sieben priorit\u00e4re Themenberiche f\u00fcr die esrte Umsetzungsphase. Dieses Gundlagenpapier, das im Herbst 2018 von den Vorst\u00e4nden der KKJPD und SODK genehmigt wurde, wird am 13. November 2018 zusammen mit den Grundlagendokumenten des Bundes ver\u00f6ffentlicht. Laden Sie das Dokument","og_url":"https:\/\/csvd.ch\/de\/bestandsaufnahme-zur-istanbul-konvention-september-2018\/","og_site_name":"CSVD","article_published_time":"2018-11-12T20:56:47+00:00","article_modified_time":"2018-11-12T20:58:01+00:00","og_image":[{"width":800,"height":600,"url":"https:\/\/csvd.ch\/app\/uploads\/2022\/12\/thumbnail-article-csvd.jpg","type":"image\/jpeg"}],"author":"WmDevg15","twitter_card":"summary_large_image","twitter_misc":{"Written by":"WmDevg15"},"schema":{"@context":"https:\/\/schema.org","@graph":[{"@type":"Article","@id":"https:\/\/csvd.ch\/de\/bestandsaufnahme-zur-istanbul-konvention-september-2018\/#article","isPartOf":{"@id":"https:\/\/csvd.ch\/de\/bestandsaufnahme-zur-istanbul-konvention-september-2018\/"},"author":{"name":"WmDevg15","@id":"https:\/\/csvd.ch\/#\/schema\/person\/9c9de59ac95960cf9f8dac2e904a38f1"},"headline":"Bestandsaufnahme zur Istanbul-Konvention, September 2018","datePublished":"2018-11-12T20:56:47+00:00","dateModified":"2018-11-12T20:58:01+00:00","mainEntityOfPage":{"@id":"https:\/\/csvd.ch\/de\/bestandsaufnahme-zur-istanbul-konvention-september-2018\/"},"wordCount":54,"image":{"@id":"https:\/\/csvd.ch\/de\/bestandsaufnahme-zur-istanbul-konvention-september-2018\/#primaryimage"},"thumbnailUrl":"https:\/\/csvd.ch\/app\/uploads\/2022\/12\/thumbnail-article-csvd.jpg","articleSection":["Publikationen"],"inLanguage":"de-DE"},{"@type":"WebPage","@id":"https:\/\/csvd.ch\/de\/bestandsaufnahme-zur-istanbul-konvention-september-2018\/","url":"https:\/\/csvd.ch\/de\/bestandsaufnahme-zur-istanbul-konvention-september-2018\/","name":"Bestandsaufnahme zur Istanbul-Konvention, September 2018 - CSVD","isPartOf":{"@id":"https:\/\/csvd.ch\/#website"},"primaryImageOfPage":{"@id":"https:\/\/csvd.ch\/de\/bestandsaufnahme-zur-istanbul-konvention-september-2018\/#primaryimage"},"image":{"@id":"https:\/\/csvd.ch\/de\/bestandsaufnahme-zur-istanbul-konvention-september-2018\/#primaryimage"},"thumbnailUrl":"https:\/\/csvd.ch\/app\/uploads\/2022\/12\/thumbnail-article-csvd.jpg","datePublished":"2018-11-12T20:56:47+00:00","dateModified":"2018-11-12T20:58:01+00:00","author":{"@id":"https:\/\/csvd.ch\/#\/schema\/person\/9c9de59ac95960cf9f8dac2e904a38f1"},"breadcrumb":{"@id":"https:\/\/csvd.ch\/de\/bestandsaufnahme-zur-istanbul-konvention-september-2018\/#breadcrumb"},"inLanguage":"de-DE","potentialAction":[{"@type":"ReadAction","target":["https:\/\/csvd.ch\/de\/bestandsaufnahme-zur-istanbul-konvention-september-2018\/"]}]},{"@type":"ImageObject","inLanguage":"de-DE","@id":"https:\/\/csvd.ch\/de\/bestandsaufnahme-zur-istanbul-konvention-september-2018\/#primaryimage","url":"https:\/\/csvd.ch\/app\/uploads\/2022\/12\/thumbnail-article-csvd.jpg","contentUrl":"https:\/\/csvd.ch\/app\/uploads\/2022\/12\/thumbnail-article-csvd.jpg","width":800,"height":600},{"@type":"BreadcrumbList","@id":"https:\/\/csvd.ch\/de\/bestandsaufnahme-zur-istanbul-konvention-september-2018\/#breadcrumb","itemListElement":[{"@type":"ListItem","position":1,"name":"Home","item":"https:\/\/csvd.ch\/de\/"},{"@type":"ListItem","position":2,"name":"Bestandsaufnahme zur Istanbul-Konvention, September 2018"}]},{"@type":"WebSite","@id":"https:\/\/csvd.ch\/#website","url":"https:\/\/csvd.ch\/","name":"CSVD","description":"CSVD","potentialAction":[{"@type":"SearchAction","target":{"@type":"EntryPoint","urlTemplate":"https:\/\/csvd.ch\/?s={search_term_string}"},"query-input":{"@type":"PropertyValueSpecification","valueRequired":true,"valueName":"search_term_string"}}],"inLanguage":"de-DE"},{"@type":"Person","@id":"https:\/\/csvd.ch\/#\/schema\/person\/9c9de59ac95960cf9f8dac2e904a38f1","name":"WmDevg15","image":{"@type":"ImageObject","inLanguage":"de-DE","@id":"https:\/\/secure.gravatar.com\/avatar\/b7d3ea2f96f5ab935b88ad75dfd414faa4c799c8ea7e7b2c13a979bc127f022c?s=96&d=mm&r=g","url":"https:\/\/secure.gravatar.com\/avatar\/b7d3ea2f96f5ab935b88ad75dfd414faa4c799c8ea7e7b2c13a979bc127f022c?s=96&d=mm&r=g","contentUrl":"https:\/\/secure.gravatar.com\/avatar\/b7d3ea2f96f5ab935b88ad75dfd414faa4c799c8ea7e7b2c13a979bc127f022c?s=96&d=mm&r=g","caption":"WmDevg15"},"url":"https:\/\/csvd.ch\/de\/author\/wmdevg15\/"}]}},"_links":{"self":[{"href":"https:\/\/csvd.ch\/de\/wp-json\/wp\/v2\/posts\/787","targetHints":{"allow":["GET"]}}],"collection":[{"href":"https:\/\/csvd.ch\/de\/wp-json\/wp\/v2\/posts"}],"about":[{"href":"https:\/\/csvd.ch\/de\/wp-json\/wp\/v2\/types\/post"}],"author":[{"embeddable":true,"href":"https:\/\/csvd.ch\/de\/wp-json\/wp\/v2\/users\/2"}],"replies":[{"embeddable":true,"href":"https:\/\/csvd.ch\/de\/wp-json\/wp\/v2\/comments?post=787"}],"version-history":[{"count":2,"href":"https:\/\/csvd.ch\/de\/wp-json\/wp\/v2\/posts\/787\/revisions"}],"predecessor-version":[{"id":792,"href":"https:\/\/csvd.ch\/de\/wp-json\/wp\/v2\/posts\/787\/revisions\/792"}],"wp:featuredmedia":[{"embeddable":true,"href":"https:\/\/csvd.ch\/de\/wp-json\/wp\/v2\/media\/1200"}],"wp:attachment":[{"href":"https:\/\/csvd.ch\/de\/wp-json\/wp\/v2\/media?parent=787"}],"wp:term":[{"taxonomy":"category","embeddable":true,"href":"https:\/\/csvd.ch\/de\/wp-json\/wp\/v2\/categories?post=787"},{"taxonomy":"post_tag","embeddable":true,"href":"https:\/\/csvd.ch\/de\/wp-json\/wp\/v2\/tags?post=787"}],"curies":[{"name":"wp","href":"https:\/\/api.w.org\/{rel}","templated":true}]}}